{"id":10156,"date":"2024-01-02T19:27:59","date_gmt":"2024-01-02T19:27:59","guid":{"rendered":"https:\/\/100t.com.br\/?p=10156"},"modified":"2024-01-03T01:46:18","modified_gmt":"2024-01-03T01:46:18","slug":"ipva-2024-calendario-valores-e-descontos","status":"publish","type":"post","link":"https:\/\/100t.com.br\/pl\/ipva-2024-calendario-valores-e-descontos\/","title":{"rendered":"IPVA 2024: Sprawd\u017a kalendarz p\u0142atno\u015bci, kwoty i rabaty"},"content":{"rendered":"<!--advertisement--><div class=\"mx-5 sm:mx-0 sm:text-3xl text-2xl font-medium title-font mb-4 text-gray-900 text-left\">\n<h2>Co to jest IPVA?<\/h2>\n<\/div><div class=\"mx-5 sm:mx-0 prose leading-relaxed text-lg mb-5 text-left wp-paragraph\">\n<p>IPVA (podatek od w\u0142asno\u015bci pojazd\u00f3w silnikowych) jest podatkiem stanowym pobieranym co roku i jest obowi\u0105zkowy dla w\u0142a\u015bcicieli pojazd\u00f3w silnikowych.<\/p>\n<\/div><div class=\"mx-5 sm:mx-0 prose leading-relaxed text-lg mb-5 text-left wp-paragraph\">\n<p>Poniewa\u017c jest to podatek stanowy, ka\u017cdy stan w federacji ma swoje w\u0142asne zasady, kwoty i warunki p\u0142atno\u015bci.<\/p>\n<\/div><!--advertisement--><div class=\"mx-5 sm:mx-0 sm:text-3xl text-2xl font-medium title-font mb-4 text-gray-900 text-left\">\n<h2 id=\"h-como-consultar-e-pagar-o-ipva\">Jak sprawdzi\u0107 i zap\u0142aci\u0107 IPVA<\/h2>\n<\/div><div class=\"mx-5 sm:mx-0 prose leading-relaxed text-lg mb-5 text-left wp-paragraph\">\n<p>Wi\u0119kszo\u015b\u0107 stan\u00f3w oferuje mo\u017cliwo\u015b\u0107 sprawdzenia warto\u015bci IPVA za po\u015brednictwem oficjalnych stron internetowych swoich stanowych departament\u00f3w ruchu (Detrans) lub departament\u00f3w finansowych (Sefaz).<\/p>\n<\/div><div class=\"mx-5 sm:mx-0 prose leading-relaxed text-lg mb-5 text-left wp-paragraph\">\n<p>Aby uzyska\u0107 dost\u0119p, w\u0142a\u015bciciel pojazdu zazwyczaj potrzebuje numeru Renavam (krajowego rejestru pojazd\u00f3w silnikowych) oraz, w niekt\u00f3rych przypadkach, tablicy rejestracyjnej pojazdu.<\/p>\n<\/div><div class=\"mx-5 sm:mx-0 prose leading-relaxed text-lg mb-5 text-left wp-paragraph\">\n<p>Po konsultacji w\u0142a\u015bciciel mo\u017ce wygenerowa\u0107 dow\u00f3d odbioru (GRV lub GARE, w zale\u017cno\u015bci od stanu) w celu op\u0142acenia IPVA.<\/p>\n<\/div><!--advertisement--><div class=\"mx-5 sm:mx-0 sm:text-3xl text-2xl font-medium title-font mb-4 text-gray-900 text-left\">\n<h2 id=\"h-parcelamentos-e-descontos\">Raty i rabaty<\/h2>\n<\/div><div class=\"mx-5 sm:mx-0 prose leading-relaxed text-lg mb-5 text-left wp-paragraph\">\n<p>Je\u015bli Tw\u00f3j stan oferuje opcj\u0119 rat, mo\u017cesz podzieli\u0107 kwot\u0119 IPVA na kilka rat. Wa\u017cne jest, aby zwraca\u0107 uwag\u0119 na terminy p\u0142atno\u015bci ka\u017cdej raty, aby unikn\u0105\u0107 odsetek i kar.<\/p>\n<\/div><div class=\"mx-5 sm:mx-0 prose leading-relaxed text-lg mb-5 text-left wp-paragraph\">\n<p>Niekt\u00f3re stany oferuj\u0105 zni\u017cki za p\u0142atno\u015b\u0107 got\u00f3wk\u0105. Warto sprawdzi\u0107, czy taka opcja jest dost\u0119pna i czy jest korzystna dla Twojego bie\u017c\u0105cego planowania finansowego.<\/p>\n<\/div><div class=\"mx-5 sm:mx-0 prose leading-relaxed text-lg mb-5 text-left wp-paragraph\">\n<p><\/p>\n<\/div><!--advertisement--><div class=\"mx-5 sm:mx-0 sm:text-3xl text-2xl font-medium title-font mb-4 text-gray-900 text-left\">\n<h2 id=\"h-base-de-calculo-do-ipva\">Podstawa obliczenia IPVA<\/h2>\n<\/div><div class=\"mx-5 sm:mx-0 prose leading-relaxed text-lg mb-5 text-left wp-paragraph\">\n<p>Warto\u015b\u0107 IPVA oblicza si\u0119 na podstawie warto\u015bci rynkowej pojazdu, kt\u00f3ra jest warto\u015bci\u0105 szacunkow\u0105 dokonywan\u0105 przez organ publiczny na podstawie ceny niekt\u00f3rych towar\u00f3w i kt\u00f3r\u0105 mo\u017cna znale\u017a\u0107 w tabeli FIPE.<\/p>\n<\/div><div class=\"wp-block-lazyblock-credit-card lazyblock-credit-card-Z2s2IPL\"><section class=\"credit-card mx-5 sm:mx-0 text-gray-600 body-font  my-10 border-gray-200 border-b border-l border-r sm:border-0\">\n  <div class=\"h-1 bg-gray-200 rounded overflow-hidden\">\n    <div class=\"w-24 h-full\"><\/div>\n  <\/div>\n  <div class=\"container px-5 sm:px-0 py-6 mx-auto\" data-anchor-target=\"lazyBlock\">\n    <div class=\"flex flex-wrap mx-auto\">\n      <a class=\"lg:w-2\/5 w-full lg:pl-6 mt-6 lg:mt-0\" href=\"https:\/\/veiculos.fipe.org.br\" data-analytics-label=\"creditCardImage\" data-action=\"analytics#trackCTA\" >\n        <img decoding=\"async\" class=\"w-full h-64 object-cover object-center rounded\" loading=\"lazy\" alt=\"card\" style=\"height: 190px;\" src=\"https:\/\/100t.com.br\/wp-content\/uploads\/2024\/01\/tabela-Fipe-850x507-1.png\">\n      <\/a>\n      <div class=\"lg:w-3\/5 w-full lg:pl-6 mt-6 lg:mt-0\">\n        <h2 class=\"text-sm title-font text-gray-500 tracking-widest uppercase\">\n          Skonsultuj si\u0119 bezp\u0142atnie        <\/h2>\n        <h1 class=\"text-gray-900 text-3xl title-font font-medium mb-1\">\n          Tabela FIPE        <\/h1>\n        <div class=\"flex mb-4 justify-center sm:justify-start\">\n          \n                      <span class=\"inline-block py-1 px-2 rounded text-xs font-medium tracking-widest uppercase mr-2\">\n              IPVA            <\/span>\n                      <span class=\"inline-block py-1 px-2 rounded text-xs font-medium tracking-widest uppercase mr-2\">\n              2024            <\/span>\n                    \n        <\/div>\n        <p class=\"leading-relaxed\">\n          Sprawd\u017a warto\u015b\u0107 katalogow\u0105 swojego pojazdu.        <\/p>\n        <div class=\"flex mt-6 items-center pb-5 border-b-2 border-gray-100 mb-5\">\n          \n        <\/div>\n        <div class=\"flex\">\n          <a data-km2-rewarded=\"true\" style=\"font-size: 13px;\" class=\"hidden animate-fade-in flex m-auto sm:mr-0 sm:ml-auto\" rel=\"sponsored\" href=\"https:\/\/veiculos.fipe.org.br\" data-analytics-label=\"creditCardButton\" data-action=\"analytics#trackCTA\"  >\n            <button class=\"uppercase flex m-auto sm:mr-0 sm:ml-auto border-0 py-2 px-4 focus:outline-none rounded  disabled:opacity-50\">\n              SKONTAKTUJ SI\u0118 Z FIPE            <\/button>\n          <\/a>\n          <a data-km2-rewarded=\"false\" style=\"font-size: 15px;\" class=\"flex m-auto sm:mr-0 sm:ml-auto\" rel=\"sponsored\" href=\"https:\/\/veiculos.fipe.org.br\" data-analytics-label=\"creditCardButton\" data-action=\"analytics#trackCTA\"  >\n            <button id=\"offer-first\" class=\"flex m-auto sm:mr-0 sm:ml-auto border-0 py-2 px-6 focus:outline-none rounded  disabled:opacity-50\">\n              SKONTAKTUJ SI\u0118 Z FIPE            <\/button>\n          <\/a>\n        <\/div>\n        <p class=\"text-xs text-gray-500 mt-3 text-center sm:text-right\">\n          Zostaniesz przekierowany na inn\u0105 stron\u0119 internetow\u0105        <\/p>\n      <\/div>\n    <\/div>\n  <\/div>\n\n    <script type=\"module\"> function waitFor(conditionFunction) { const poll = resolve => { if(conditionFunction()) resolve(); else setTimeout(_ => poll(resolve), 400); }; return new Promise(poll); } import { Application, Controller } from \"\/wp-content\/themes\/twentytwentyone\/assets\/js\/stimulus.min.js\"; let Stimulus = Application.start(); Stimulus.register(\"anchor\", class extends Controller { static get targets() { return [ \"lazyBlock\", \"lazyBlockAnchor\" ]; } initialize() { this.active = false; this.passed = false; this.closed = false; this.anchorViews = 0; this.boundOnShowAnchor = this.onShowAnchor.bind(this); window.anchorReady = window.anchorReady || false; waitFor(_ => (window.scrollY > this.getHeightBlock() && !this.active)) .then(_ => { !window.anchorReady? this.visible() : ''; window.anchorReady = true; }); if (document.getElementById('landing')) { setTimeout(() => { !window.anchorReady ? this.visible() : ''; window.anchorReady = true; }, 1 * 30000); }; } connect() { this.onShowAnchor(); document.addEventListener(\"scroll\", this.boundOnShowAnchor); } disconnect() { document.removeEventListener(\"scroll\", this.boundOnShowAnchor); } visible() { if (document.getElementById('av-offerwall__wrapper')) { setTimeout(() => this.visible(), 20000); return; } if (document.getElementById('av-fixed__bottomWrapper') && document.getElementById('av-fixed__bottomWrapper').style.display !== 'none' && document.getElementById('av-fixed__bottomWrapper').getBoundingClientRect().height > 100) { setTimeout(() => this.visible(), 1000); return; } if (document.getElementById('av-fixed__bottomWrapper') && document.getElementById('av-fixed__bottomWrapper').style.display !== 'none' && document.getElementById('av-fixed__bottomWrapper').getBoundingClientRect().height > 10) { this.getAnchorElement().style.marginBottom = '60px'; } if (document.querySelector('[data-anchor-shown=\"true\"]') && document.querySelector('[data-anchor-shown=\"true\"]').style.bottom === '0px') { setTimeout(() => this.visible(), 1000); return; } if (!window.km2AnchorReady) { this.active = true; \/*this.getAnchorElement().style.animation = \"none\"; this.getAnchorElement().classList.remove('animate-show-down');*\/ \/*this.getAnchorElement().classList.add('animate-show-up');*\/ \/*setTimeout(() => {*\/ \/*this.getAnchorElement().style.animation = \"\";*\/ this.getAnchorElement().classList.add('animate-show-up'); this.getAnchorElement().classList.remove('hidden'); this.setAnchorViews(this.anchorViews+1); setTimeout(() => this.closeAnchor(), 20000); waitFor(_ => (document.getElementById('av-fixed__bottomWrapper') && document.getElementById('av-fixed__bottomWrapper').style.display !== 'none' && document.getElementById('av-fixed__bottomWrapper').getBoundingClientRect().height > 10 && this.getAnchorElement().style.marginBottom !== '60px')) .then(_ => { this.closeAnchor(); }); this.active = false; \/*}, 10);*\/ } } invisible() { this.active = true; this.getAnchorElement().style.animation = \"none\"; this.getAnchorElement().classList.remove('animate-show-up'); this.getAnchorElement().classList.add('animate-show-down'); setTimeout(() => { this.getAnchorElement().style.animation = \"\"; setTimeout(() => { this.getAnchorElement().classList.add('hidden'); this.active = false; }, 800); }, 10); } onShowAnchor() { let anchorReady = false;  \/*if (!this.active && !anchorReady) { if (this.getAnchorViews() <= 3) { if (window.scrollY > this.getHeightBlock()) { if (!this.passed && !this.closed) { this.visible(); this.passed = true; } } else { if (this.passed) { this.invisible(); this.passed = false; } } } else { if (!this.getAnchorElement().classList.contains('close')) { this.getAnchorElement().classList.add('close'); if (window.scrollY < this.getHeightBlock()) { this.invisible(); } } } }*\/ } closeAnchor() { if (this.closed) return; this.invisible(); this.getAnchorElement().classList.add('close'); this.closed = true; } getAnchorElement() { return this.lazyBlockAnchorTargets[0]; } getAnchorViews() { this.anchorViews = parseInt(sessionStorage.getItem(\"anchorViews\")) >= 1 ? parseInt(sessionStorage.getItem(\"anchorViews\")) : 0; return this.anchorViews; } setAnchorViews(views) { sessionStorage.setItem(\"anchorViews\", views); } getHeightBlock() { return this.lazyBlockTarget.offsetTop + this.lazyBlockTarget.offsetHeight - 110; } }) <\/script>  <div data-anchor-target=\"lazyBlockAnchor\" class=\"fixed w-full sm:w-96 px-3 py-2 bottom-0 left-0 hidden\" style=\"z-index: 999999;\" name=\"lazyBlockAnchor\">\n    <div class=\"grid justify-items-stretch\">        \n              <div class=\"relative justify-self-end top-4 -right-2\">\n          <button data-no-translation class=\"bg-white text-md font-medium text-center rounded-full h-7 w-7 border-2\" data-analytics-label=\"anchorCloseAnchor\" data-action=\"anchor#closeAnchor\" style=\"z-index: 999999;\">\n            X\n          <\/button>\n        <\/div>\n        <div class=\"justify-self-auto flex flex-col h-32 bg-white border-solid border-2 shadow-md rounded-md\">\n          <div class=\"flex my-0 h-full\">\n            <div class=\"w-2\/5 p-1 ml-2 mt-2 w-full\">\n              <a href=\"https:\/\/veiculos.fipe.org.br\" rel=\"sponsored\" data-analytics-label=\"anchorImage\" data-action=\"analytics#trackCTA\">          \n                <img decoding=\"async\" loading=\"lazy\" alt=\"card\" class=\"w-full object-cover h-24 object-center rounded justify-self-auto border-2 border-gray-100\" src=\"https:\/\/100t.com.br\/wp-content\/uploads\/2024\/01\/tabela-Fipe-850x507-1.png\">          \n              <\/a>\n            <\/div>\n            <div class=\"w-3\/5 my-2\">\n              <p class=\"px-4 text-center text-xs h-1\/2\">\n                Sprawd\u017a warto\u015b\u0107 katalogow\u0105 swojego pojazdu              <\/p>\n              <a href=\"https:\/\/veiculos.fipe.org.br\" rel=\"sponsored\" data-analytics-label=\"anchorButton\" data-action=\"analytics#trackCTA\" >\n                <button class=\"flex w-5\/6 m-auto mt-2 border-0 py-1 px-3 focus:outline-none rounded\">                \n                  <p class=\"text-center w-full\" style=\"font-size: 0.67rem;\">\n                    SKONTAKTUJ SI\u0118 Z FIPE                  <\/p>\n                <\/button>\n              <\/a>\n              <p class=\"text-gray-500 text-center mt-1\" style=\"font-size: 0.50rem;\">\n                Zostaniesz przekierowany na inn\u0105 stron\u0119 internetow\u0105              <\/p>\n            <\/div>\n          <\/div>\n        <\/div>\n          <\/div>\n  <\/div>\n<\/section><\/div><!--advertisement--><div class=\"mx-5 sm:mx-0 sm:text-3xl text-2xl font-medium title-font mb-4 text-gray-900 text-left\">\n<h2 id=\"h-calendario-e-descontos-por-estado\">Kalendarz i rabaty wed\u0142ug stanu<\/h2>\n<\/div><div class=\"mx-5 sm:mx-0 prose leading-relaxed text-lg mb-5 text-left wp-paragraph\">\n<p><strong>Esp\u00edrito Santo (ES)<\/strong><\/p>\n<\/div><div class=\"mx-5 sm:mx-0 prose leading-relaxed text-lg mb-5 text-left wp-paragraph\">\n<p>W Esp\u00edrito Santo stawki IPVA na rok 2024 wynosz\u0105 2% dla samochod\u00f3w osobowych i 1% dla motocykli, ci\u0119\u017car\u00f3wek i autobus\u00f3w. Podatnicy, kt\u00f3rzy zdecyduj\u0105 si\u0119 na p\u0142atno\u015b\u0107 jednorazow\u0105, otrzymaj\u0105 ulg\u0119 w wysoko\u015bci 15%. Ponadto istnieje mo\u017cliwo\u015b\u0107 sp\u0142aty kwoty w maksymalnie sze\u015bciu ratach, w okresie od kwietnia do wrze\u015bnia.<\/p>\n<\/div><div class=\"prose text-left mb-5 w-[17rem] sm:w-full flex overflow-auto m-auto\">\n<figure class=\"wp-block-table\"><table><tbody><tr><td>Koniec talerza<\/td><td>Pierwsza rata lub pojedyncza rata ze zni\u017ck\u0105<\/td><td>II rata<\/td><td>Trzecia rata<\/td><td>4. rata<\/td><td>5 rata<\/td><td>6. rata<\/td><\/tr><tr><td>1 i 2<\/td><td>09\/04<\/td><td>09\/05<\/td><td>10\/06<\/td><td>10\/07<\/td><td>12\/08<\/td><td>12\/09<\/td><\/tr><tr><td>3 i 4<\/td><td>10\/04<\/td><td>13\/05<\/td><td>13\/06<\/td><td>15\/07<\/td><td>19\/08<\/td><td>19\/09<\/td><\/tr><tr><td>5 i 6<\/td><td>11\/04<\/td><td>14\/05<\/td><td>14\/06<\/td><td>16\/07<\/td><td>20\/08<\/td><td>20\/09<\/td><\/tr><tr><td>7 i 8<\/td><td>12\/04<\/td><td>15\/05<\/td><td>17\/06<\/td><td>17\/07<\/td><td>21\/08<\/td><td>23\/09<\/td><\/tr><tr><td>9 i 0<\/td><td>15\/04<\/td><td>16\/05<\/td><td>18\/06<\/td><td>18\/07<\/td><td>26\/08<\/td><td>26\/09<\/td><\/tr><\/tbody><\/table><figcaption class=\"wp-element-caption\">\u0179r\u00f3d\u0142o: Sefaz-ES<\/figcaption><\/figure>\n<\/div><div class=\"mx-5 sm:mx-0 prose leading-relaxed text-lg mb-5 text-left wp-paragraph\">\n<p><strong>Minas Gerais (MG)<\/strong><\/p>\n<\/div><div class=\"mx-5 sm:mx-0 prose leading-relaxed text-lg mb-5 text-left wp-paragraph\">\n<p>W Minas Gerais stawki IPVA wahaj\u0105 si\u0119 od 1% do 4%, w zale\u017cno\u015bci od typu pojazdu. Dla os\u00f3b p\u0142ac\u0105cych jednorazowo rabat wynosi 3%, dodatkowo istnieje mo\u017cliwo\u015b\u0107 skorzystania z dodatkowego rabatu w wysoko\u015bci 3% w ramach programu \u201eBom Pagador\u201d. P\u0142atno\u015b\u0107 mo\u017cna uregulowa\u0107 maksymalnie w trzech ratach.<\/p>\n<\/div><div class=\"prose text-left mb-5 w-[17rem] sm:w-full flex overflow-auto m-auto\">\n<figure class=\"wp-block-table\"><table><tbody><tr><td>Koniec talerza<\/td><td>Pojedyncza kwota lub I rata<\/td><td>II rata<\/td><td>Trzecia rata<\/td><\/tr><tr><td>1 i 2<\/td><td>15\/01<\/td><td>19\/02<\/td><td>18\/03<\/td><\/tr><tr><td>3 i 4<\/td><td>16\/01<\/td><td>20\/02<\/td><td>19\/03<\/td><\/tr><tr><td>5 i 6<\/td><td>17\/01<\/td><td>21\/02<\/td><td>20\/03<\/td><\/tr><tr><td>7 i 8<\/td><td>18\/01<\/td><td>22\/02<\/td><td>21\/03<\/td><\/tr><tr><td>9 i 0<\/td><td>19\/01<\/td><td>23\/02<\/td><td>22\/03<\/td><\/tr><\/tbody><\/table><figcaption class=\"wp-element-caption\">\u0179r\u00f3d\u0142o: Detran-MG<\/figcaption><\/figure>\n<\/div><div class=\"mx-5 sm:mx-0 prose leading-relaxed text-lg mb-5 text-left wp-paragraph\">\n<p><strong>Sao Paulo (SP)<\/strong><\/p>\n<\/div><div class=\"mx-5 sm:mx-0 prose leading-relaxed text-lg mb-5 text-left wp-paragraph\">\n<p>W stanie S\u00e3o Paulo stawki wynosz\u0105 4% dla samochod\u00f3w osobowych i 2% dla motocykli. Podatnicy p\u0142ac\u0105cy IPVA jednorazowo w styczniu otrzymaj\u0105 ulg\u0119 w wysoko\u015bci 3%. Podatek mo\u017cna r\u00f3wnie\u017c zap\u0142aci\u0107 w maksymalnie pi\u0119ciu ratach.<\/p>\n<\/div><div class=\"prose text-left mb-5 w-[17rem] sm:w-full flex overflow-auto m-auto\">\n<figure class=\"wp-block-table\"><table><tbody><tr><td>Koniec talerza<\/td><td>Stycze\u0144<\/td><td>Luty<\/td><td>Marsz<\/td><td>Kwiecie\u0144<\/td><td>M\u00f3c<\/td><\/tr><tr><td><\/td><td>Pierwsza rata lub pojedyncza rata ze zni\u017ck\u0105 3%<\/td><td>II rata lub pojedyncza rata (bez rabatu)<\/td><td>III rata (bez rabatu)<\/td><td>IV rata (bez rabatu)<\/td><td>Pi\u0105ta rata (bez rabatu)<\/td><\/tr><tr><td>1<\/td><td>11\/01<\/td><td>11\/02<\/td><td>11\/03<\/td><td>11\/04<\/td><td>11\/05<\/td><\/tr><tr><td>2<\/td><td>12\/01<\/td><td>12\/02<\/td><td>12\/03<\/td><td>12\/04<\/td><td>12\/05<\/td><\/tr><tr><td>3<\/td><td>15\/01<\/td><td>15\/02<\/td><td>15\/03<\/td><td>15\/04<\/td><td>15\/05<\/td><\/tr><tr><td>4<\/td><td>16\/01<\/td><td>16\/02<\/td><td>16\/03<\/td><td>16\/04<\/td><td>16\/05<\/td><\/tr><tr><td>5<\/td><td>17\/01<\/td><td>17\/02<\/td><td>17\/03<\/td><td>17\/04<\/td><td>17\/05<\/td><\/tr><tr><td>6<\/td><td>18\/01<\/td><td>18\/02<\/td><td>18\/03<\/td><td>18\/04<\/td><td>18\/05<\/td><\/tr><tr><td>7<\/td><td>19\/01<\/td><td>19\/02<\/td><td>19\/03<\/td><td>19\/04<\/td><td>19\/05<\/td><\/tr><tr><td>8<\/td><td>22\/01<\/td><td>22\/02<\/td><td>22\/03<\/td><td>22\/04<\/td><td>22\/05<\/td><\/tr><tr><td>9<\/td><td>23\/01<\/td><td>23\/02<\/td><td>23\/03<\/td><td>23\/04<\/td><td>23\/05<\/td><\/tr><tr><td>0<\/td><td>24\/01<\/td><td>24\/02<\/td><td>24\/03<\/td><td>24\/04<\/td><td>24\/05<\/td><\/tr><\/tbody><\/table><figcaption class=\"wp-element-caption\">\u0179r\u00f3d\u0142o: Sefaz-SP<\/figcaption><\/figure>\n<\/div><div class=\"mx-5 sm:mx-0 prose leading-relaxed text-lg mb-5 text-left wp-paragraph\">\n<p><strong>Rio de Janeiro (RJ)<\/strong><\/p>\n<\/div><div class=\"mx-5 sm:mx-0 prose leading-relaxed text-lg mb-5 text-left wp-paragraph\">\n<p>W Rio de Janeiro stawki IPVA wynosz\u0105 4% dla samochod\u00f3w i 2% dla motocykli. Podobnie jak w S\u00e3o Paulo, przy p\u0142atno\u015bci w jednej racie obowi\u0105zuje rabat w wysoko\u015bci 3%. Kwot\u0119 mo\u017cna wp\u0142aci\u0107 maksymalnie w trzech ratach.<\/p>\n<\/div><div class=\"prose text-left mb-5 w-[17rem] sm:w-full flex overflow-auto m-auto\">\n<figure class=\"wp-block-table\"><table><tbody><tr><td>Koniec talerza<\/td><td>Pojedyncza kwota lub I rata<\/td><td>II rata<\/td><td>Trzecia rata<\/td><\/tr><tr><td>0<\/td><td>22\/01<\/td><td>21\/02<\/td><td>22\/03<\/td><\/tr><tr><td>1<\/td><td>23\/01<\/td><td>22\/02<\/td><td>26\/03<\/td><\/tr><tr><td>2<\/td><td>24\/01<\/td><td>23\/02<\/td><td>27\/03<\/td><\/tr><tr><td>3<\/td><td>25\/01<\/td><td>26\/02<\/td><td>01\/04<\/td><\/tr><tr><td>4<\/td><td>26\/01<\/td><td>27\/02<\/td><td>02\/04<\/td><\/tr><tr><td>5<\/td><td>29\/01<\/td><td>29\/02<\/td><td>04\/04<\/td><\/tr><tr><td>6<\/td><td>30\/01<\/td><td>01\/03<\/td><td>05\/04<\/td><\/tr><tr><td>7<\/td><td>31\/01<\/td><td>04\/03<\/td><td>08\/04<\/td><\/tr><tr><td>8<\/td><td>01\/02<\/td><td>06\/03<\/td><td>09\/04<\/td><\/tr><tr><td>9<\/td><td>02\/02<\/td><td>08\/03<\/td><td>11\/04<\/td><\/tr><\/tbody><\/table><\/figure>\n<\/div><!--advertisement--><div class=\"mx-5 sm:mx-0 sm:text-3xl text-2xl font-medium title-font mb-4 text-gray-900 text-left\">\n<h2 id=\"h-consequencias-do-nao-pagamento\">Konsekwencje braku p\u0142atno\u015bci<\/h2>\n<\/div><div class=\"mx-5 sm:mx-0 prose leading-relaxed text-lg mb-5 text-left wp-paragraph\">\n<p>Niezap\u0142acenie ka\u017cdej raty w okre\u015blonym terminie skutkowa\u0107 b\u0119dzie karami finansowymi i odsetkami, a tak\u017ce uniemo\u017cliwi uregulowanie nale\u017cno\u015bci w obliczu rocznej licencji. <\/p>\n<\/div><div class=\"mx-5 sm:mx-0 prose leading-relaxed text-lg mb-5 text-left wp-paragraph\">\n<p>W zwi\u0105zku z tym w\u0142a\u015bciciel nie ma mo\u017cliwo\u015bci uzyskania dokumentu CRLV (dow\u00f3d rejestracyjny pojazdu i zezwolenie na prowadzenie pojazdu, kt\u00f3ry jest niezb\u0119dny do swobodnego przemieszczania si\u0119, nara\u017caj\u0105c si\u0119 tym samym na konfiskat\u0119 pojazdu).<\/p>\n<\/div><div class=\"mx-5 sm:mx-0 prose leading-relaxed text-lg mb-5 text-left wp-paragraph\">\n<p>Ponadto, je\u017celi IPVA nie b\u0119dzie sp\u0142acany przez d\u0142u\u017cszy okres, d\u0142ug mo\u017ce zosta\u0107 zaliczony do aktywnego d\u0142ugu pa\u0144stwa. Oznacza to, \u017ce pa\u0144stwo rozpocznie bardziej rygorystyczny proces windykacji, kt\u00f3ry mo\u017ce obejmowa\u0107 procesy s\u0105dowe, a nawet konfiskat\u0119 mienia.<\/p>\n<\/div><div class=\"mx-5 sm:mx-0 prose leading-relaxed text-lg mb-5 text-left wp-paragraph\">\n<p><\/p>\n<\/div><!--advertisement--><div class=\"mx-5 sm:mx-0 sm:text-3xl text-2xl font-medium title-font mb-4 text-gray-900 text-left\">\n<h2 id=\"h-importante-saber\">Wa\u017cne, aby wiedzie\u0107<\/h2>\n<\/div><div class=\"mx-5 sm:mx-0 prose text-left mb-5\">\n<ul><div class=\"mx-5 sm:mx-0 prose text-left mb-5\">\n<li>Warto\u015b\u0107 IPVA obliczana jest na podstawie warto\u015bci rynkowej pojazdu.<\/li>\n<\/div>\n\n<div class=\"mx-5 sm:mx-0 prose text-left mb-5\">\n<li>P\u0142atno\u015b\u0107 IPVA jest niezb\u0119dna do utrzymania pojazdu w dobrym stanie.<\/li>\n<\/div>\n\n<div class=\"mx-5 sm:mx-0 prose text-left mb-5\">\n<li>Uwa\u017caj na terminy, aby unikn\u0105\u0107 kar i odsetek.<\/li>\n<\/div><\/ul>\n<\/div><div class=\"mx-5 sm:mx-0 prose leading-relaxed text-lg mb-5 text-left wp-paragraph\">\n<p>Aby uzyska\u0107 bardziej szczeg\u00f3\u0142owe informacje, takie jak kompletne kalendarze p\u0142atno\u015bci oraz wi\u0119cej szczeg\u00f3\u0142\u00f3w na temat rabat\u00f3w i stawek dla ka\u017cdego stanu, zalecamy skorzystanie z oficjalnych \u017ar\u00f3de\u0142 ka\u017cdego Departamentu Skarbu Pa\u0144stwa.<\/p>\n<\/div><div class=\"mx-5 sm:mx-0 prose leading-relaxed text-lg mb-5 text-left wp-paragraph\">\n<p><\/p>\n<\/div><div class=\"mx-5 sm:mx-0 prose leading-relaxed text-lg mb-5 text-left wp-paragraph\">\n<p><\/p>\n<\/div><div class=\"mx-5 sm:mx-0 prose leading-relaxed text-lg mb-5 text-left wp-paragraph\">\n<p><\/p>\n<\/div>","protected":false},"excerpt":{"rendered":"<p>Ujawniono kalendarz p\u0142acenia podatku, a tak\u017ce informacje o ratach i wp\u0142acie got\u00f3wkowej.<\/p>","protected":false},"author":4,"featured_media":10181,"comment_status":"open","ping_status":"open","sticky":false,"template":"","format":"standard","meta":[],"categories":[297],"tags":[],"yoast_head":"<!-- This site is optimized with the Yoast SEO Premium plugin v18.7 (Yoast SEO v19.1) - https:\/\/yoast.com\/wordpress\/plugins\/seo\/ -->\n<title>IPVA 2024: Confira o calend\u00e1rio de pagamento, valores e descontos - 100 Tech<\/title>\n<meta name=\"robots\" content=\"index, follow, max-snippet:-1, max-image-preview:large, max-video-preview:-1\" \/>\n<link rel=\"canonical\" href=\"https:\/\/100t.com.br\/pl\/ipva-2024-calendario-valores-e-descontos\/\" \/>\n<meta property=\"og:locale\" content=\"pl_PL\" \/>\n<meta property=\"og:type\" content=\"article\" \/>\n<meta property=\"og:title\" content=\"IPVA 2024: Confira o calend\u00e1rio de pagamento, valores e descontos\" \/>\n<meta property=\"og:description\" content=\"Est\u00e1 liberado o calend\u00e1rio para pagamento do tributo, bem como informa\u00e7\u00f5es sobre parcelamentos e pagamento \u00e0 vista.\" \/>\n<meta property=\"og:url\" content=\"https:\/\/100t.com.br\/pl\/ipva-2024-calendario-valores-e-descontos\/\" \/>\n<meta property=\"og:site_name\" content=\"100 Tech\" \/>\n<meta property=\"article:published_time\" content=\"2024-01-02T19:27:59+00:00\" \/>\n<meta property=\"article:modified_time\" content=\"2024-01-03T01:46:18+00:00\" \/>\n<meta property=\"og:image\" content=\"https:\/\/100t.com.br\/wp-content\/uploads\/2024\/01\/transito_01-scaled.jpg\" \/>\n\t<meta property=\"og:image:width\" content=\"2560\" \/>\n\t<meta property=\"og:image:height\" content=\"1707\" \/>\n\t<meta property=\"og:image:type\" content=\"image\/jpeg\" \/>\n<meta name=\"twitter:card\" content=\"summary_large_image\" \/>\n<meta name=\"twitter:label1\" content=\"Written by\" \/>\n\t<meta name=\"twitter:data1\" content=\"Felipe Barbosa\" \/>\n\t<meta name=\"twitter:label2\" content=\"Est. reading time\" \/>\n\t<meta name=\"twitter:data2\" content=\"5 minutes\" \/>\n<script type=\"application\/ld+json\" class=\"yoast-schema-graph\">{\"@context\":\"https:\/\/schema.org\",\"@graph\":[{\"@type\":\"WebSite\",\"@id\":\"https:\/\/100t.com.br\/#website\",\"url\":\"https:\/\/100t.com.br\/\",\"name\":\"100 Tech\",\"description\":\"Tecnologia e Informa\u00e7\u00e3o\",\"potentialAction\":[{\"@type\":\"SearchAction\",\"target\":{\"@type\":\"EntryPoint\",\"urlTemplate\":\"https:\/\/100t.com.br\/?s={search_term_string}\"},\"query-input\":\"required name=search_term_string\"}],\"inLanguage\":\"pl-PL\"},{\"@type\":\"ImageObject\",\"inLanguage\":\"pl-PL\",\"@id\":\"https:\/\/100t.com.br\/ipva-2024-calendario-valores-e-descontos\/#primaryimage\",\"url\":\"https:\/\/100t.com.br\/wp-content\/uploads\/2024\/01\/transito_01-scaled.jpg\",\"contentUrl\":\"https:\/\/100t.com.br\/wp-content\/uploads\/2024\/01\/transito_01-scaled.jpg\",\"width\":2560,\"height\":1707,\"caption\":\"Tr\u00e2nsito - carros - ruas de curitiba com movimento intenso de carros - congestionamento nas ruas do centro de Curitiba - IPVA - licenciamento -\"},{\"@type\":\"WebPage\",\"@id\":\"https:\/\/100t.com.br\/ipva-2024-calendario-valores-e-descontos\/#webpage\",\"url\":\"https:\/\/100t.com.br\/ipva-2024-calendario-valores-e-descontos\/\",\"name\":\"IPVA 2024: Confira o calend\u00e1rio de pagamento, valores e descontos - 100 Tech\",\"isPartOf\":{\"@id\":\"https:\/\/100t.com.br\/#website\"},\"primaryImageOfPage\":{\"@id\":\"https:\/\/100t.com.br\/ipva-2024-calendario-valores-e-descontos\/#primaryimage\"},\"datePublished\":\"2024-01-02T19:27:59+00:00\",\"dateModified\":\"2024-01-03T01:46:18+00:00\",\"author\":{\"@id\":\"https:\/\/100t.com.br\/#\/schema\/person\/1f4b6b9c7a13d96dcf6508f434a7da82\"},\"breadcrumb\":{\"@id\":\"https:\/\/100t.com.br\/ipva-2024-calendario-valores-e-descontos\/#breadcrumb\"},\"inLanguage\":\"pl-PL\",\"potentialAction\":[{\"@type\":\"ReadAction\",\"target\":[\"https:\/\/100t.com.br\/ipva-2024-calendario-valores-e-descontos\/\"]}]},{\"@type\":\"BreadcrumbList\",\"@id\":\"https:\/\/100t.com.br\/ipva-2024-calendario-valores-e-descontos\/#breadcrumb\",\"itemListElement\":[{\"@type\":\"ListItem\",\"position\":1,\"name\":\"Home\",\"item\":\"https:\/\/100t.com.br\/pl\/\"},{\"@type\":\"ListItem\",\"position\":2,\"name\":\"IPVA 2024: Confira o calend\u00e1rio de pagamento, valores e descontos\"}]},{\"@type\":\"Person\",\"@id\":\"https:\/\/100t.com.br\/#\/schema\/person\/1f4b6b9c7a13d96dcf6508f434a7da82\",\"name\":\"Felipe Barbosa\",\"image\":{\"@type\":\"ImageObject\",\"inLanguage\":\"pl-PL\",\"@id\":\"https:\/\/100t.com.br\/#\/schema\/person\/image\/\",\"url\":\"https:\/\/secure.gravatar.com\/avatar\/bd34257ba1611774186d5a99de1f5427?s=96&d=mm&r=g\",\"contentUrl\":\"https:\/\/secure.gravatar.com\/avatar\/bd34257ba1611774186d5a99de1f5427?s=96&d=mm&r=g\",\"caption\":\"Felipe Barbosa\"},\"url\":\"https:\/\/100t.com.br\/pl\/author\/feliperdrums\/\"}]}<\/script>\n<!-- \/ Yoast SEO Premium plugin. -->","yoast_head_json":{"title":"IPVA 2024: Confira o calend\u00e1rio de pagamento, valores e descontos - 100 Tech","robots":{"index":"index","follow":"follow","max-snippet":"max-snippet:-1","max-image-preview":"max-image-preview:large","max-video-preview":"max-video-preview:-1"},"canonical":"https:\/\/100t.com.br\/pl\/ipva-2024-calendario-valores-e-descontos\/","og_locale":"pl_PL","og_type":"article","og_title":"IPVA 2024: Confira o calend\u00e1rio de pagamento, valores e descontos","og_description":"Est\u00e1 liberado o calend\u00e1rio para pagamento do tributo, bem como informa\u00e7\u00f5es sobre parcelamentos e pagamento \u00e0 vista.","og_url":"https:\/\/100t.com.br\/pl\/ipva-2024-calendario-valores-e-descontos\/","og_site_name":"100 Tech","article_published_time":"2024-01-02T19:27:59+00:00","article_modified_time":"2024-01-03T01:46:18+00:00","og_image":[{"width":2560,"height":1707,"url":"https:\/\/100t.com.br\/wp-content\/uploads\/2024\/01\/transito_01-scaled.jpg","type":"image\/jpeg"}],"twitter_card":"summary_large_image","twitter_misc":{"Written by":"Felipe Barbosa","Est. reading time":"5 minutes"},"schema":{"@context":"https:\/\/schema.org","@graph":[{"@type":"WebSite","@id":"https:\/\/100t.com.br\/#website","url":"https:\/\/100t.com.br\/","name":"100 Tech","description":"Tecnologia e Informa\u00e7\u00e3o","potentialAction":[{"@type":"SearchAction","target":{"@type":"EntryPoint","urlTemplate":"https:\/\/100t.com.br\/?s={search_term_string}"},"query-input":"required name=search_term_string"}],"inLanguage":"pl-PL"},{"@type":"ImageObject","inLanguage":"pl-PL","@id":"https:\/\/100t.com.br\/ipva-2024-calendario-valores-e-descontos\/#primaryimage","url":"https:\/\/100t.com.br\/wp-content\/uploads\/2024\/01\/transito_01-scaled.jpg","contentUrl":"https:\/\/100t.com.br\/wp-content\/uploads\/2024\/01\/transito_01-scaled.jpg","width":2560,"height":1707,"caption":"Tr\u00e2nsito - carros - ruas de curitiba com movimento intenso de carros - congestionamento nas ruas do centro de Curitiba - IPVA - licenciamento -"},{"@type":"WebPage","@id":"https:\/\/100t.com.br\/ipva-2024-calendario-valores-e-descontos\/#webpage","url":"https:\/\/100t.com.br\/ipva-2024-calendario-valores-e-descontos\/","name":"IPVA 2024: Confira o calend\u00e1rio de pagamento, valores e descontos - 100 Tech","isPartOf":{"@id":"https:\/\/100t.com.br\/#website"},"primaryImageOfPage":{"@id":"https:\/\/100t.com.br\/ipva-2024-calendario-valores-e-descontos\/#primaryimage"},"datePublished":"2024-01-02T19:27:59+00:00","dateModified":"2024-01-03T01:46:18+00:00","author":{"@id":"https:\/\/100t.com.br\/#\/schema\/person\/1f4b6b9c7a13d96dcf6508f434a7da82"},"breadcrumb":{"@id":"https:\/\/100t.com.br\/ipva-2024-calendario-valores-e-descontos\/#breadcrumb"},"inLanguage":"pl-PL","potentialAction":[{"@type":"ReadAction","target":["https:\/\/100t.com.br\/ipva-2024-calendario-valores-e-descontos\/"]}]},{"@type":"BreadcrumbList","@id":"https:\/\/100t.com.br\/ipva-2024-calendario-valores-e-descontos\/#breadcrumb","itemListElement":[{"@type":"ListItem","position":1,"name":"Home","item":"https:\/\/100t.com.br\/pl\/"},{"@type":"ListItem","position":2,"name":"IPVA 2024: Confira o calend\u00e1rio de pagamento, valores e descontos"}]},{"@type":"Person","@id":"https:\/\/100t.com.br\/#\/schema\/person\/1f4b6b9c7a13d96dcf6508f434a7da82","name":"Felipe Barbosa","image":{"@type":"ImageObject","inLanguage":"pl-PL","@id":"https:\/\/100t.com.br\/#\/schema\/person\/image\/","url":"https:\/\/secure.gravatar.com\/avatar\/bd34257ba1611774186d5a99de1f5427?s=96&d=mm&r=g","contentUrl":"https:\/\/secure.gravatar.com\/avatar\/bd34257ba1611774186d5a99de1f5427?s=96&d=mm&r=g","caption":"Felipe Barbosa"},"url":"https:\/\/100t.com.br\/pl\/author\/feliperdrums\/"}]}},"_links":{"self":[{"href":"https:\/\/100t.com.br\/pl\/wp-json\/wp\/v2\/posts\/10156"}],"collection":[{"href":"https:\/\/100t.com.br\/pl\/wp-json\/wp\/v2\/posts"}],"about":[{"href":"https:\/\/100t.com.br\/pl\/wp-json\/wp\/v2\/types\/post"}],"author":[{"embeddable":true,"href":"https:\/\/100t.com.br\/pl\/wp-json\/wp\/v2\/users\/4"}],"replies":[{"embeddable":true,"href":"https:\/\/100t.com.br\/pl\/wp-json\/wp\/v2\/comments?post=10156"}],"version-history":[{"count":0,"href":"https:\/\/100t.com.br\/pl\/wp-json\/wp\/v2\/posts\/10156\/revisions"}],"wp:featuredmedia":[{"embeddable":true,"href":"https:\/\/100t.com.br\/pl\/wp-json\/wp\/v2\/media\/10181"}],"wp:attachment":[{"href":"https:\/\/100t.com.br\/pl\/wp-json\/wp\/v2\/media?parent=10156"}],"wp:term":[{"taxonomy":"category","embeddable":true,"href":"https:\/\/100t.com.br\/pl\/wp-json\/wp\/v2\/categories?post=10156"},{"taxonomy":"post_tag","embeddable":true,"href":"https:\/\/100t.com.br\/pl\/wp-json\/wp\/v2\/tags?post=10156"}],"curies":[{"name":"wp","href":"https:\/\/api.w.org\/{rel}","templated":true}]}}